{"id":27012,"date":"2018-07-30T15:35:23","date_gmt":"2018-07-30T13:35:23","guid":{"rendered":"https:\/\/www.arcidiacono-consulting.ch\/corippo-il-senso-del-pudore\/"},"modified":"2022-08-11T18:25:21","modified_gmt":"2022-08-11T16:25:21","slug":"corippo-il-senso-del-pudore","status":"publish","type":"post","link":"https:\/\/www.arcidiacono-consulting.ch\/fr\/corippo-il-senso-del-pudore\/","title":{"rendered":"Corippo: il senso del pudore"},"content":{"rendered":"<p>D\u2019estate eravamo soliti passare le vacanze nella casa dei nonni materni in Valle Verzasca. Attendevamo con trepidazione la partenza da Bellinzona a Corippo, dove ci aspettava una vita semplice, diversa dalla citt\u00e0, a contatto con la natura, gli abitanti del posto e gli svizzeri tedeschi da sempre affascinati dall\u2019originalit\u00e0 del ridente villaggio.<\/p>\n<p>Scoprivamo i mille angoli delle viuzze di pietra, andavamo al fiume e ci ritrovavamo ogni sera nella piazza del villaggio a giocare. La mattina scendevamo con l&rsquo;acquolina in bocca in piazza in fremente attesa del pane fresco da Vogorno. Il venerd\u00ec, il camion di vendita della Migros faceva tappa al bivio di Corippo per gli acquisti di prima necessit\u00e0.<\/p>\n<p>Talvolta ascoltavamo con un misto di stupore e incredulit\u00e0 le storie degli avi che trasudavano dai muri di pietra e dai tetti in piode del pittoresco villaggio. Storie di povert\u00e0 ed emigrazione, storie di lotta e resa, storie di parenti vicini e lontani, storie di rustici abbandonati al loro destino.<\/p>\n<h2>Il nonno magnano<\/h2>\n<div id=\"attachment_26181\" style=\"width: 310px\" class=\"wp-caption alignright\"><img loading=\"lazy\" decoding=\"async\" aria-describedby=\"caption-attachment-26181\" class=\"wp-image-26181 size-medium\" src=\"https:\/\/www.arcidiacono-consulting.ch\/wp-content\/uploads\/2018\/07\/corippo-family-300x225.jpg\" alt=\"\" width=\"300\" height=\"225\" srcset=\"https:\/\/www.arcidiacono-consulting.ch\/wp-content\/uploads\/2018\/07\/corippo-family-300x225.jpg 300w, https:\/\/www.arcidiacono-consulting.ch\/wp-content\/uploads\/2018\/07\/corippo-family-768x576.jpg 768w, https:\/\/www.arcidiacono-consulting.ch\/wp-content\/uploads\/2018\/07\/corippo-family.jpg 1024w, https:\/\/www.arcidiacono-consulting.ch\/wp-content\/uploads\/2018\/07\/corippo-family-800x600.jpg 800w, https:\/\/www.arcidiacono-consulting.ch\/wp-content\/uploads\/2018\/07\/corippo-family-700x525.jpg 700w\" sizes=\"auto, (max-width: 300px) 100vw, 300px\" \/><p id=\"caption-attachment-26181\" class=\"wp-caption-text\">Estate a Corippo, 1976 con nonno Rino Canonica<\/p><\/div>\n<p>Il nonno materno Rino Canonica, originario di Corticiasca in Val Colla, si spostava a inizio Novecento a piedi e in bicicletta in Ticino come artigiano ambulante che riparava pentole, paioli e padelle.<\/p>\n<p>Un vero e proprio magnano d\u2019altri tempi che nelle sue lunghe peregrinazioni era giunto anche a Corippo, dove aveva incontrato e sposato Clementina, che gli dar\u00e0 sei figli, tre maschi e tre femmine: Romeo, Albino, Iva, Mario, Rina e Luigina.<\/p>\n<h2><\/h2>\n<h2>Il fascino antico delle pietre<\/h2>\n<p>Corippo ha sempre ammaliato i turisti alla ricerca di un\u2019autenticit\u00e0 perduta. Sar\u00e0 per via del nome scoppiettante, sar\u00e0 per via della posizione del villaggio aggrappato alla montagna, sar\u00e0 per via del fascino antico delle pietre e delle piode immerse in una cornice naturale.<\/p>\n<p>Sar\u00e0 un\u2019antica nostalgia che abbaglia la vista e mostra solo il lato belle delle cose. Sar\u00e0 un richiamo ancestrale a una vita semplice in armonia con la natura.<\/p>\n<p>Sar\u00e0 forse la smania di vivere un\u2019esperienza nuova e diversa che ci rende inconsapevolmente tutti uguali. Ogni tanto ci ritrovavamo nell&rsquo;intimo della casa dei nonni alcuni turisti alla ricerca del particolare. Senza pudore.<\/p>\n<p>Gi\u00e0 negli anni Settanta e Ottanta Corippo era un villaggio che grazie ai turisti viveva d\u2019estate e si svuotava d\u2019inverno. La vita in valle era ostica, il lavoro di contadino era duro e mancavano le comodit\u00e0 della vita in piano. Gi\u00e0 allora alcuni rustici erano lasciati all\u2019incuria del tempo. E anche la casa dei nonni fu venduta a un acquirente d\u2019Oltralpe alla morte del nonno Rino.<\/p>\n<h2>L&rsquo;ora del villaggio diffuso<\/h2>\n<p>Adesso \u00e8 scoccata l\u2019ora dell\u2019albergo diffuso che prevede di rinnovare alcune case in disuso per ricavare camere e alloggi destinati ai turisti. L\u2019osteria del villaggio sar\u00e0 il punto di riferimento dell\u2019albergo diffuso dal punto di vista logistico, gastronomico e culturale. L\u2019investimento complessivo ammonta a 6,3 milioni di franchi. Non sono bruscolini.<\/p>\n<p>L\u2019idea dell\u2019albergo diffuso piace e attira orde di giornalisti provenienti dall\u2019intero globo che mettono a disagio i pochi abitanti rimasti. Anche la \u00ab\u00a0Neue Z\u00fcrcher Zeitung\u00a0\u00bb dedica un ampio e articolato servizio al villaggio verzaschese nella sua edizione del 13 luglio 2018.<\/p>\n<p>\u00abA Corippo vivono ancora dodici anime. Per il villaggio andato in rovina inizia ora una trasformazione\u00bb, \u00e8 il titolo dato dall\u2019autorevole quotidiano zurighese all\u2019approfondito reportage accompagnato da un ampio servizio fotografico che mostra &#8211; con invadenza! &#8211; \u00a0le stanze malandate di alcuni rustici abbandonati al loro destino negli anni Sessanta.<\/p>\n<h2>Il rispetto degli avi<\/h2>\n<p>Ora l\u2019albergo diffuso potrebbe essere l\u2019idea vincente che d\u00e0 una seconda vita al mitico Corippo. Certo il progetto piace, convince e attira i danari necessari per il rilancio turistico. Ma lasciamo chiuse quelle stanze malandate dei rustici che trasudano storia e sofferenze. Per senso del rispetto dei dodici abitanti, degli avi e di chi ha Corippo nel cuore. E siamo in tanti. Non abbiamo bisogno di denudare il passato per guardare al futuro.<\/p>\n<p style=\"text-align: right;\"><strong>(c) Andrea Arcidiacono<\/strong><\/p>\n<p><strong>Fonti:<\/strong><\/p>\n<ol>\n<li>Patriziati Verzasca e Piano, <a href=\"https:\/\/bit.ly\/2XDLNMb\">https:\/\/bit.ly\/2XDLNMb<\/a><\/li>\n<li>Fondazione Corippo, <a href=\"http:\/\/www.fondazionecorippo.ch\">www.fondazionecorippo.ch<\/a><\/li>\n<li>NZZ, \u00ab\u00a0In Corippo leben gerade noch zw\u00f6lf Seelen. Nun beginnt im abgewirtschafteten Tessiner Dorf eine Verwandlung\u00a0\u00bb, 13.7.2018,\u00a0<a href=\"https:\/\/bit.ly\/2TgGaFo\">https:\/\/bit.ly\/2TgGaFo<\/a><\/li>\n<\/ol>\n","protected":false},"excerpt":{"rendered":"<p>D\u2019estate eravamo soliti passare le vacanze nella casa dei nonni materni in Valle Verzasca. Attendevamo con trepidazione la partenza da Bellinzona a Corippo, dove ci aspettava una vita semplice, diversa dalla citt\u00e0, a contatto con la natura, gli abitanti del posto e gli svizzeri tedeschi&#8230;<\/p>\n","protected":false},"author":11,"featured_media":26884,"comment_status":"open","ping_status":"closed","sticky":false,"template":"","format":"standard","meta":{"footnotes":""},"categories":[67,68,54],"tags":[],"class_list":["post-27012","post","type-post","status-publish","format-standard","has-post-thumbnail","hentry","category-canonica-fr","category-corippo-fr","category-suisse"],"_links":{"self":[{"href":"https:\/\/www.arcidiacono-consulting.ch\/fr\/wp-json\/wp\/v2\/posts\/27012","targetHints":{"allow":["GET"]}}],"collection":[{"href":"https:\/\/www.arcidiacono-consulting.ch\/fr\/wp-json\/wp\/v2\/posts"}],"about":[{"href":"https:\/\/www.arcidiacono-consulting.ch\/fr\/wp-json\/wp\/v2\/types\/post"}],"author":[{"embeddable":true,"href":"https:\/\/www.arcidiacono-consulting.ch\/fr\/wp-json\/wp\/v2\/users\/11"}],"replies":[{"embeddable":true,"href":"https:\/\/www.arcidiacono-consulting.ch\/fr\/wp-json\/wp\/v2\/comments?post=27012"}],"version-history":[{"count":2,"href":"https:\/\/www.arcidiacono-consulting.ch\/fr\/wp-json\/wp\/v2\/posts\/27012\/revisions"}],"predecessor-version":[{"id":28325,"href":"https:\/\/www.arcidiacono-consulting.ch\/fr\/wp-json\/wp\/v2\/posts\/27012\/revisions\/28325"}],"wp:featuredmedia":[{"embeddable":true,"href":"https:\/\/www.arcidiacono-consulting.ch\/fr\/wp-json\/wp\/v2\/media\/26884"}],"wp:attachment":[{"href":"https:\/\/www.arcidiacono-consulting.ch\/fr\/wp-json\/wp\/v2\/media?parent=27012"}],"wp:term":[{"taxonomy":"category","embeddable":true,"href":"https:\/\/www.arcidiacono-consulting.ch\/fr\/wp-json\/wp\/v2\/categories?post=27012"},{"taxonomy":"post_tag","embeddable":true,"href":"https:\/\/www.arcidiacono-consulting.ch\/fr\/wp-json\/wp\/v2\/tags?post=27012"}],"curies":[{"name":"wp","href":"https:\/\/api.w.org\/{rel}","templated":true}]}}