{"id":29716,"date":"2026-03-08T18:54:19","date_gmt":"2026-03-08T17:54:19","guid":{"rendered":"https:\/\/www.arcidiacono-consulting.ch\/?p=29716"},"modified":"2026-03-08T21:46:47","modified_gmt":"2026-03-08T20:46:47","slug":"votazione-federale-8-marzo-2026-si-allimposizione-individuale-no-alliniziativa-ssr","status":"publish","type":"post","link":"https:\/\/www.arcidiacono-consulting.ch\/it\/votazione-federale-8-marzo-2026-si-allimposizione-individuale-no-alliniziativa-ssr\/","title":{"rendered":"Votazione federale 8 marzo 2026: s\u00ec all\u2019imposizione individuale, no all\u2019iniziativa SSR"},"content":{"rendered":"\n<p><strong>La giornata internazionale della donna 2026 coincide con l\u2019approvazione della legge federale sull\u2019imposizione individuale che prevede l\u2019introduzione entro sei anni di un\u2019imposizione fiscale indipendente dallo stato civile. Il nuovo sistema d&#8217;imposizione ha raccolto il 54,2% di voti favorevoli. L\u2019iniziativa SSR, che mirava a ridurre il canone radiotelevisivo da 335 a 200 franchi l\u2019anno, \u00e8 stata bocciata dal 62%\u00a0della popolazione e da tutti i Cantoni che si sono espressi a favore di un servizio pubblico forte e hanno ritenuto adeguato il controprogetto indiretto del Consiglio federale che prevede una riduzione del canone a 335 a 300 franchi entro il 2029. Non c\u2019\u00e8 stata storia invece n\u00e9 per l\u2019iniziativa per il fondo climatico respinta dal\u00a070,7%\u00a0della popolazione, n\u00e9 per l\u2019iniziativa denaro contante bocciata dal\u00a054,4%\u00a0della popolazione. Ha prevalso il controprogetto all\u2019iniziativa denaro contante che ha ottenuto il 73,4%\u00a0di voti favorevoli. Elevata la partecipazione al voto che ha raggiunto il\u00a055,6%\u00a0dell\u2019elettorato.<\/strong><\/p>\n\n\n\n<p><strong>\u00a9 Andrea Arcidiacono, 8 marzo 2026<\/strong><\/p>\n\n\n\n<p>\u00c8 una domenica vincente per il Governo svizzero che ottiene il sostegno della popolazione nei quattro temi in votazione l\u20198 marzo 2026: no all\u2019iniziativa SSR, s\u00ec all\u2019imposizione individuale, no al fondo climatico, no all\u2019iniziativa denaro contante e s\u00ec al controprogetto all\u2019iniziativa denaro contante.&nbsp;<\/p>\n\n\n\n<p>Sono tutti temi di politica interna, che hanno suscitato un vivo dibattito in Svizzera, in particolare l\u2019iniziativa \u201c200 franchi bastano!\u201d (iniziativa SSR) che voleva ridurre il canone radiotelevisivo a 200 franchi ed esonerare tutte le aziende dal pagamento.&nbsp;<\/p>\n\n\n\n<p>La maggioranza della popolazione e tutti i cantoni hanno respinto l\u2019iniziativa SSR, sostenuta dall\u2019UDC, dai giovani liberali-radicali svizzeri e dall\u2019Unione svizzera delle arti e mestieri (USAM), che avrebbe dimezzato le entrate generate dal canone radiotelevisivo da 1,3 miliardi a 630 milioni di franchi con conseguenze negative sull\u2019offerta di programmi, l\u2019occupazione e la solidariet\u00e0 fra le varie regioni linguistiche.&nbsp;<\/p>\n\n\n\n<p>Il controprogetto del Consiglio federale all\u2019iniziativa SSR prevede una riduzione del canone radiotelevisivo da 335 a 200 franchi l\u2019anno entro il 2029 e l\u2019esenzione dell\u201980% delle aziende dal pagamento del canone radiotelevisivo. Su questo ultimo punto l\u2019USAM continuer\u00e0 a dare battaglia con l\u2019obiettivo di esonerare tutte le imprese dal pagamento del canone.&nbsp;<\/p>\n\n\n\n<p>Sulla nuova concessione SSR, che sar\u00e0 valida dal 2029, si preannuncia pure un\u2019intensa battaglia. Il Consiglio federale ha deciso di elaborare la nuova concessione in base alle risorse disponibili e di orientare maggiormente il mandato della SSR all&#8217;informazione, all&#8217;istruzione e alla cultura. L&#8217;offerta online si concentrer\u00e0 maggiormente sui contenuti audio e audiovisivi. L&#8217;offerta testuale online sar\u00e0 ulteriormente limitata.<\/p>\n\n\n\n<p><strong>La cura dimagrante della SSR continua<\/strong><\/p>\n\n\n\n<p>La Societ\u00e0 svizzera di radiotelevisione (SSR-SRG) ha annunciato il 24 novembre 2025 una ristrutturazione interna che prevede tagli drastici di 270 milioni di franchi, pari al 17 percento del preventivo 2024, una riduzione di 900 posti di lavoro a tempo pieno, pari al 15,7 percento dei posti a fine 2024.&nbsp;<\/p>\n\n\n\n<p>300 posti di lavoro sono gi\u00e0 stati risparmiati nell\u2019ambito del programma di ristrutturazione gi\u00e0 avviato. Una parte dei 600 posti di lavoro rimanenti saranno ridotti attraverso fluttuazioni naturali e pensionamenti. Sono purtroppo previsti anche licenziamenti.&nbsp; I tagli dei posti di lavoro previsti alla RSI sono pi\u00f9 di 100, come ha spiegato al Telegiornale il direttore&nbsp;Mario Timbal&nbsp;il 24 novembre 2025.&nbsp;<\/p>\n\n\n\n<p>Il programma di ristrutturazione \u00e8 dovuto a diversi fattori, come la trasformazione digitale e il cambiamento delle abitudini di consumo, ma a pesare in modo decisivo sulla riorganizzazione \u00e8 stata la decisione governativa di ridurre il canone radiotelevisivo annuale dagli attuali 335 franchi a 300 franchi. Una mossa vincente che ha contribuito alla bocciatura dell\u2019iniziativa SSR.&nbsp;<\/p>\n\n\n\n<p><strong>Una ricca mobilitazione<\/strong><\/p>\n\n\n\n<p>Il fronte contrario all\u2019iniziativa SSR ha saputo mobilitare e convincere a un numero elevato degli aventi diritto di voto grazie a una campagna capillare in tutto il paese e forte del sostegno di numerosi comitati e associazioni provenienti da politica, sindacati, cultura, sport e media.&nbsp;<\/p>\n\n\n\n<p>Il fronte contrario all\u2019iniziativa SSR ha potuto contare su notevoli risorse finanziarie con un budget di 3,88 milioni di franchi, mentre il fronte favorevole all\u2019iniziativa SSR disponeva di un budget di 1,89 milioni di franchi.&nbsp;<\/p>\n\n\n\n<p>In Ticino la campagna del fronte contrario \u00e8 stata intensa con una forte mobilitazione anche nelle piazze pubbliche e nei media sociali con il rischio di un effetto saturazione che ha contribuito all\u2019elevato numero di voti favorevoli all\u2019iniziativa. Nel canton Ticino il 53,3% % dei votanti ha respinto l\u2019iniziativa SSR, mentre a livello nazionale i no hanno raggiunto\u00a0il 62% dei votanti.<\/p>\n\n\n\n<figure class=\"wp-block-image size-large\"><img loading=\"lazy\" decoding=\"async\" width=\"700\" height=\"1024\" src=\"https:\/\/www.arcidiacono-consulting.ch\/wp-content\/uploads\/2026\/03\/mezzi-finanziari-iniziativa-ssr-700x1024.png\" alt=\"Controllo federale finanze campagna pro contra Iniziativa SSR\" class=\"wp-image-29699\" srcset=\"https:\/\/www.arcidiacono-consulting.ch\/wp-content\/uploads\/2026\/03\/mezzi-finanziari-iniziativa-ssr-700x1024.png 700w, https:\/\/www.arcidiacono-consulting.ch\/wp-content\/uploads\/2026\/03\/mezzi-finanziari-iniziativa-ssr-205x300.png 205w, https:\/\/www.arcidiacono-consulting.ch\/wp-content\/uploads\/2026\/03\/mezzi-finanziari-iniziativa-ssr-768x1123.png 768w, https:\/\/www.arcidiacono-consulting.ch\/wp-content\/uploads\/2026\/03\/mezzi-finanziari-iniziativa-ssr.png 926w\" sizes=\"auto, (max-width: 700px) 100vw, 700px\" \/><figcaption class=\"wp-element-caption\">Budget campagna Iniziativa SSR pro e contra &#8211; Controllo federale delle finanze<\/figcaption><\/figure>\n\n\n\n<p><strong>Una pietra miliare per la parit\u00e0<\/strong><\/p>\n\n\n\n<p>Nella giornata internazionale della donna, la Svizzera ha compiuto un passo importante per rafforzare la parit\u00e0 e l\u2019equit\u00e0 fiscale. Il&nbsp;54,2%&nbsp;della popolazione ha approvato la legge federale sull\u2019imposizione individuale, respingendo i referendum promossi da 10 Cantoni e il comitato interpartitico composto da Centro, Unione Democratica di Centro, Partito evangelico e Unione democratica federale.<\/p>\n\n\n\n<p>La legge federale sull\u2019imposizione individuale abolisce la penalizzazione del matrimonio dovuta all\u2019imposizione congiunta dei redditi che sfavorisce molte coppie sposate rispetto alle coppie in concubinato.<\/p>\n\n\n\n<p>L\u2019imposizione individuale entrer\u00e0 in vigore entro sei anni dall\u2019odierna approvazione. Ogni persona compiler\u00e0 la sua dichiarazione dei redditi e pagher\u00e0 le imposte sul proprio reddito e patrimonio, in modo indipendente dallo stato civile.&nbsp;<\/p>\n\n\n\n<p>Il secondo pi\u00f9 basso di una coppia, solitamente quello della moglie, non sar\u00e0 pi\u00f9 assorbito dalla progressione fiscale in caso di un aumento dell\u2019attivit\u00e0 lucrativa. L\u2019abolizione della penalizzazione del matrimonio favorir\u00e0 l\u2019occupazione con effetti positivi sull\u2019economia nazionale e sulle aziende alla ricerca di personale qualificato.<\/p>\n\n\n\n<p><strong>Confederazione, Cantoni e Comuni<\/strong><\/p>\n\n\n\n<p>In futuro non solo la Confederazione, ma anche i Cantoni e i Comuni applicheranno l&#8217;imposizione individuale. Questo comporter\u00e0 un&#8217;ulteriore semplificazione e adeguamento del sistema fiscale. I Cantoni e i Comuni avranno tempo sei anni per applicare il nuovo sistema d\u2019imposizione. Dovranno essere in particolare adeguate sia le aliquote fiscali che le deduzioni. <\/p>\n\n\n\n<p>Il comitato interpartitico \u00abS\u00ec all\u2019imposizione individuale\u00bb, composto da Partito liberale radicale, Verdi liberale, Verdi e Partito socialista, associazioni economiche e organizzazioni femminili, si aspetta che il Centro ritiri la propria iniziativa \u201cS\u00ec a imposte federali eque anche per i coniugi \u2013 Basta con la discriminazione del matrimonio!\u00bb dopo questa decisione democratica a favore dell\u2019imposizione individuale. Ma il Centro ha dichiarato di non essere disposto a rinunciare alla sua iniziativa popolare a favore dell\u2019imposizione congiunta, malgrado il s\u00ec all\u2019imposizione individuale sancito oggi in votazione popolare.&nbsp;<\/p>\n\n\n\n<p><strong>\u00a9 Andrea Arcidiacono, 8 marzo 2026<\/strong><\/p>\n\n\n\n<p>Risultati votazione popolare dell\u20198 marzo 2026&nbsp;<br><a href=\"https:\/\/www.bk.admin.ch\/ch\/i\/pore\/va\/20260308\/index.html\">https:\/\/www.bk.admin.ch\/ch\/i\/pore\/va\/20260308\/index.html<\/a><\/p>\n\n\n\n<p><\/p>\n\n\n\n<p>Comitato no all\u2019iniziativa contro la SSR&nbsp;<br><a href=\"https:\/\/iniziativa-ssr-no.ch\/notizie\/garantire-laccesso-a-uninformazione-affidabile-lelettorato-dice-un-chiaro-no-al-taglio-dei-mezzi-di-informazione\/\">https:\/\/iniziativa-ssr-no.ch\/notizie\/garantire-laccesso-a-uninformazione-affidabile-lelettorato-dice-un-chiaro-no-al-taglio-dei-mezzi-di-informazione\/<\/a><\/p>\n\n\n\n<p>Comitato interpartitico \u201cS\u00ec all\u2019imposizione individuale\u201d&nbsp;<br><a href=\"https:\/\/ja-zur-individualbesteuerung.ch\/it\/si-allimposizione-individuale-una-pietra-miliare-per-la-parita\/\">https:\/\/ja-zur-individualbesteuerung.ch\/it\/si-allimposizione-individuale-una-pietra-miliare-per-la-parita\/<\/a><\/p>\n","protected":false},"excerpt":{"rendered":"<p>La giornata internazionale della donna 2026 coincide con l\u2019approvazione della legge federale sull\u2019imposizione individuale che prevede l\u2019introduzione entro sei anni di un\u2019imposizione fiscale indipendente dallo stato civile. Il nuovo sistema d&#8217;imposizione ha raccolto il 54,2% di voti favorevoli. L\u2019iniziativa SSR, che mirava a ridurre il&#8230;<\/p>\n","protected":false},"author":5,"featured_media":29698,"comment_status":"closed","ping_status":"closed","sticky":false,"template":"","format":"standard","meta":{"footnotes":""},"categories":[148,63,434,466,406],"tags":[529,454,482,530,458],"class_list":["post-29716","post","type-post","status-publish","format-standard","has-post-thumbnail","hentry","category-berna-it","category-consiglio-federale","category-imposizione-individuale","category-ssr-srg","category-votazione-popolare","tag-bern","tag-ja-zur-individualbesteuerung","tag-no-alliniziativa-ssr","tag-schweiz","tag-volksabstimmung-8-3-2026"],"_links":{"self":[{"href":"https:\/\/www.arcidiacono-consulting.ch\/it\/wp-json\/wp\/v2\/posts\/29716","targetHints":{"allow":["GET"]}}],"collection":[{"href":"https:\/\/www.arcidiacono-consulting.ch\/it\/wp-json\/wp\/v2\/posts"}],"about":[{"href":"https:\/\/www.arcidiacono-consulting.ch\/it\/wp-json\/wp\/v2\/types\/post"}],"author":[{"embeddable":true,"href":"https:\/\/www.arcidiacono-consulting.ch\/it\/wp-json\/wp\/v2\/users\/5"}],"replies":[{"embeddable":true,"href":"https:\/\/www.arcidiacono-consulting.ch\/it\/wp-json\/wp\/v2\/comments?post=29716"}],"version-history":[{"count":2,"href":"https:\/\/www.arcidiacono-consulting.ch\/it\/wp-json\/wp\/v2\/posts\/29716\/revisions"}],"predecessor-version":[{"id":29724,"href":"https:\/\/www.arcidiacono-consulting.ch\/it\/wp-json\/wp\/v2\/posts\/29716\/revisions\/29724"}],"wp:featuredmedia":[{"embeddable":true,"href":"https:\/\/www.arcidiacono-consulting.ch\/it\/wp-json\/wp\/v2\/media\/29698"}],"wp:attachment":[{"href":"https:\/\/www.arcidiacono-consulting.ch\/it\/wp-json\/wp\/v2\/media?parent=29716"}],"wp:term":[{"taxonomy":"category","embeddable":true,"href":"https:\/\/www.arcidiacono-consulting.ch\/it\/wp-json\/wp\/v2\/categories?post=29716"},{"taxonomy":"post_tag","embeddable":true,"href":"https:\/\/www.arcidiacono-consulting.ch\/it\/wp-json\/wp\/v2\/tags?post=29716"}],"curies":[{"name":"wp","href":"https:\/\/api.w.org\/{rel}","templated":true}]}}